{"id":18732,"date":"2025-02-11T13:48:32","date_gmt":"2025-02-11T12:48:32","guid":{"rendered":"https:\/\/www.atlantastretch.com\/atlanta-stretch-takes-part-in-ipack-ima-2025\/"},"modified":"2025-02-12T16:10:30","modified_gmt":"2025-02-12T15:10:30","slug":"atlanta-stretch-takes-part-in-ipack-ima-2025","status":"publish","type":"post","link":"https:\/\/www.atlantastretch.com\/it\/atlanta-stretch-takes-part-in-ipack-ima-2025\/","title":{"rendered":"Atlanta Stretch takes part in Ipack-Ima 2025"},"content":{"rendered":"<h3>Atlanta Stretch partecipa a Ipack-Ima 2025<\/h3>\n<p><img loading=\"lazy\" decoding=\"async\" class=\" wp-image-18713 alignleft\" src=\"https:\/\/www.atlantastretch.com\/wp-content\/uploads\/2025\/02\/WEEK-5_2025_PED_IPACKIMA-2025-300x300.jpg\" alt=\"\" width=\"358\" height=\"358\" \/>Siamo entusiasti di annunciare che <strong>Atlanta Stretch<\/strong> sar\u00e0 presente ad <strong>Ipack-Ima 2025<\/strong>, uno degli eventi pi\u00f9 importanti del nostro settore, che si terr\u00e0 a <strong>Milano dal 27 al 30 maggio 2025<\/strong>.<\/p>\n<p>Ci troverete allo <strong>stand B21-B29 nel padiglione 10<\/strong> (nella stessa postazione della scorsa edizione), dove avrete l&#8217;opportunit\u00e0 di scoprire i nuovi settori a cui ci rivolgiamo, insieme a alle nuove linee di prodotti.<\/p>\n<p>Durante la scorsa edizione, abbiamo lanciato il nostro nuovo look e presentato per la prima volta il nostro <strong>rivoluzionario brevetto<\/strong>: il<strong> sistema ARYA<\/strong>. Questo sistema ha riscosso un successo straordinario ed \u00e8 stato integrato su tutte le nostre confezionatrici semiautomatiche, apportando un significativo miglioramento delle prestazioni e dell&#8217;efficienza.<\/p>\n<p>Per la prossima edizione, vi attendono molte novit\u00e0, tra cui una in particolare che vi lascer\u00e0 senza fiato. Non vediamo l&#8217;ora di presentarvela e di condividere con voi tutto ci\u00f2 che stiamo preparando per il futuro.<\/p>\n<p><strong>Richiedete i biglietti<\/strong> tramite il vostro commerciale e restate sintonizzati sui nostri <strong>canali social<\/strong> per non perdere tutte le novit\u00e0 che vi sveleremo nei prossimi mesi!<\/p>\n<ul>\n<li>Youtube: <a href=\"https:\/\/www.youtube.com\/channel\/UCqNtlDqg_fw0AIH20Kfj04Q\">https:\/\/www.youtube.com\/channel\/UCqNtlDqg_fw0AIH20Kfj04Q<\/a><\/li>\n<li>Facebook: <a href=\"https:\/\/www.facebook.com\/atlantastretchspa\">https:\/\/www.facebook.com\/atlantastretchspa<\/a><\/li>\n<li>Instagram: <a href=\"https:\/\/www.instagram.com\/atlantastretch_official\/\">https:\/\/www.instagram.com\/atlantastretch_official\/<\/a><\/li>\n<li>LinkedIn: <a href=\"https:\/\/www.linkedin.com\/company\/atlanta-stretch-spa\/\">https:\/\/www.linkedin.com\/company\/atlanta-stretch-spa\/<\/a><\/li>\n<\/ul>\n<h3>Vi aspettiamo a Ipack-Ima 2025!<\/h3>\n<p>&nbsp;<\/p>\n<p>&nbsp;<\/p>\n","protected":false},"excerpt":{"rendered":"<p>Atlanta Stretch partecipa a Ipack-Ima 2025 Siamo entusiasti di annunciare che Atlanta Stretch sar\u00e0 presente ad Ipack-Ima 2025, uno degli eventi pi\u00f9 importanti del nostro settore, che si terr\u00e0 a Milano dal 27 al 30 maggio 2025. Ci troverete allo stand B21-B29 nel padiglione 10 (nella stessa postazione della scorsa edizione), dove avrete l&#8217;opportunit\u00e0 di [&hellip;]<\/p>\n","protected":false},"author":879,"featured_media":18727,"comment_status":"closed","ping_status":"open","sticky":false,"template":"","format":"standard","meta":{"_acf_changed":false,"_et_pb_use_builder":"","_et_pb_old_content":"","_et_gb_content_width":"","_crsspst_to_wwwglobustapecom":false,"footnotes":""},"categories":[157],"tags":[],"class_list":["post-18732","post","type-post","status-publish","format-standard","has-post-thumbnail","hentry","category-eventi"],"acf":[],"yoast_head":"<!-- This site is optimized with the Yoast SEO plugin v22.9 - https:\/\/yoast.com\/wordpress\/plugins\/seo\/ -->\n<title>Atlanta Stretch takes part in Ipack-Ima 2025 - Atlanta Stretch<\/title>\n<meta name=\"description\" content=\"Eventi - Atlanta Stretch takes part in Ipack-Ima 2025 - Atlanta Stretch\" \/>\n<meta name=\"robots\" content=\"index, follow, max-snippet:-1, max-image-preview:large, max-video-preview:-1\" \/>\n<link rel=\"canonical\" href=\"https:\/\/www.atlantastretch.com\/it\/atlanta-stretch-takes-part-in-ipack-ima-2025\/\" \/>\n<meta property=\"og:locale\" content=\"it_IT\" \/>\n<meta property=\"og:type\" content=\"article\" \/>\n<meta property=\"og:title\" content=\"Atlanta Stretch takes part in Ipack-Ima 2025 - Atlanta Stretch\" \/>\n<meta property=\"og:description\" content=\"Eventi - Atlanta Stretch takes part in Ipack-Ima 2025 - Atlanta Stretch\" \/>\n<meta property=\"og:site_name\" content=\"Atlanta Stretch\" \/>\n<meta property=\"article:publisher\" content=\"https:\/\/www.facebook.com\/atlantastretchspa\" \/>\n<meta property=\"article:published_time\" content=\"2025-02-11T12:48:32+00:00\" \/>\n<meta property=\"article:modified_time\" content=\"2025-02-12T15:10:30+00:00\" \/>\n<meta property=\"og:image\" content=\"https:\/\/www.atlantastretch.com\/wp-content\/uploads\/2025\/02\/SQUARE_EVENTS_WEBSITE.jpg\" \/>\n\t<meta property=\"og:image:width\" content=\"1080\" \/>\n\t<meta property=\"og:image:height\" content=\"1080\" \/>\n\t<meta property=\"og:image:type\" content=\"image\/jpeg\" \/>\n<meta name=\"author\" content=\"Costanza Cecchi\" \/>\n<meta name=\"twitter:card\" content=\"summary_large_image\" \/>\n<script type=\"application\/ld+json\" class=\"yoast-schema-graph\">{\"@context\":\"https:\/\/schema.org\",\"@graph\":[{\"@type\":\"Article\",\"@id\":\"https:\/\/www.atlantastretch.com\/it\/atlanta-stretch-takes-part-in-ipack-ima-2025\/#article\",\"isPartOf\":{\"@id\":\"https:\/\/www.atlantastretch.com\/it\/atlanta-stretch-takes-part-in-ipack-ima-2025\/\"},\"author\":{\"name\":\"Costanza Cecchi\",\"@id\":\"https:\/\/www.atlantastretch.com\/it\/#\/schema\/person\/31323ae219022c40226d1f434ff04184\"},\"headline\":\"Atlanta Stretch takes part in Ipack-Ima 2025\",\"datePublished\":\"2025-02-11T12:48:32+00:00\",\"dateModified\":\"2025-02-12T15:10:30+00:00\",\"mainEntityOfPage\":{\"@id\":\"https:\/\/www.atlantastretch.com\/it\/atlanta-stretch-takes-part-in-ipack-ima-2025\/\"},\"wordCount\":220,\"publisher\":{\"@id\":\"https:\/\/www.atlantastretch.com\/it\/#organization\"},\"image\":{\"@id\":\"https:\/\/www.atlantastretch.com\/it\/atlanta-stretch-takes-part-in-ipack-ima-2025\/#primaryimage\"},\"thumbnailUrl\":\"https:\/\/www.atlantastretch.com\/wp-content\/uploads\/2025\/02\/SQUARE_EVENTS_WEBSITE.jpg\",\"articleSection\":[\"Eventi\"],\"inLanguage\":\"it-IT\"},{\"@type\":\"WebPage\",\"@id\":\"https:\/\/www.atlantastretch.com\/it\/atlanta-stretch-takes-part-in-ipack-ima-2025\/\",\"url\":\"https:\/\/www.atlantastretch.com\/it\/atlanta-stretch-takes-part-in-ipack-ima-2025\/\",\"name\":\"Atlanta Stretch takes part in Ipack-Ima 2025 - Atlanta Stretch\",\"isPartOf\":{\"@id\":\"https:\/\/www.atlantastretch.com\/it\/#website\"},\"primaryImageOfPage\":{\"@id\":\"https:\/\/www.atlantastretch.com\/it\/atlanta-stretch-takes-part-in-ipack-ima-2025\/#primaryimage\"},\"image\":{\"@id\":\"https:\/\/www.atlantastretch.com\/it\/atlanta-stretch-takes-part-in-ipack-ima-2025\/#primaryimage\"},\"thumbnailUrl\":\"https:\/\/www.atlantastretch.com\/wp-content\/uploads\/2025\/02\/SQUARE_EVENTS_WEBSITE.jpg\",\"datePublished\":\"2025-02-11T12:48:32+00:00\",\"dateModified\":\"2025-02-12T15:10:30+00:00\",\"description\":\"Eventi - Atlanta Stretch takes part in Ipack-Ima 2025 - Atlanta Stretch\",\"breadcrumb\":{\"@id\":\"https:\/\/www.atlantastretch.com\/it\/atlanta-stretch-takes-part-in-ipack-ima-2025\/#breadcrumb\"},\"inLanguage\":\"it-IT\",\"potentialAction\":[{\"@type\":\"ReadAction\",\"target\":[\"https:\/\/www.atlantastretch.com\/it\/atlanta-stretch-takes-part-in-ipack-ima-2025\/\"]}]},{\"@type\":\"ImageObject\",\"inLanguage\":\"it-IT\",\"@id\":\"https:\/\/www.atlantastretch.com\/it\/atlanta-stretch-takes-part-in-ipack-ima-2025\/#primaryimage\",\"url\":\"https:\/\/www.atlantastretch.com\/wp-content\/uploads\/2025\/02\/SQUARE_EVENTS_WEBSITE.jpg\",\"contentUrl\":\"https:\/\/www.atlantastretch.com\/wp-content\/uploads\/2025\/02\/SQUARE_EVENTS_WEBSITE.jpg\",\"width\":1080,\"height\":1080},{\"@type\":\"BreadcrumbList\",\"@id\":\"https:\/\/www.atlantastretch.com\/it\/atlanta-stretch-takes-part-in-ipack-ima-2025\/#breadcrumb\",\"itemListElement\":[{\"@type\":\"ListItem\",\"position\":1,\"name\":\"Home\",\"item\":\"https:\/\/www.atlantastretch.com\/it\/\"},{\"@type\":\"ListItem\",\"position\":2,\"name\":\"Atlanta Stretch takes part in Ipack-Ima 2025\"}]},{\"@type\":\"WebSite\",\"@id\":\"https:\/\/www.atlantastretch.com\/it\/#website\",\"url\":\"https:\/\/www.atlantastretch.com\/it\/\",\"name\":\"Atlanta Stretch\",\"description\":\"Macchine per imballaggio pallet con film\",\"publisher\":{\"@id\":\"https:\/\/www.atlantastretch.com\/it\/#organization\"},\"alternateName\":\"Atlanta Stretch soluzioni per il finelinea\",\"potentialAction\":[{\"@type\":\"SearchAction\",\"target\":{\"@type\":\"EntryPoint\",\"urlTemplate\":\"https:\/\/www.atlantastretch.com\/it\/?s={search_term_string}\"},\"query-input\":\"required name=search_term_string\"}],\"inLanguage\":\"it-IT\"},{\"@type\":\"Organization\",\"@id\":\"https:\/\/www.atlantastretch.com\/it\/#organization\",\"name\":\"Atlanta Stretch\",\"alternateName\":\"Atlanta Stretch soluzioni per il finelinea\",\"url\":\"https:\/\/www.atlantastretch.com\/it\/\",\"logo\":{\"@type\":\"ImageObject\",\"inLanguage\":\"it-IT\",\"@id\":\"https:\/\/www.atlantastretch.com\/it\/#\/schema\/logo\/image\/\",\"url\":\"https:\/\/www.atlantastretch.com\/wp-content\/uploads\/2024\/01\/cropped-logotipo-rosso.png\",\"contentUrl\":\"https:\/\/www.atlantastretch.com\/wp-content\/uploads\/2024\/01\/cropped-logotipo-rosso.png\",\"width\":512,\"height\":512,\"caption\":\"Atlanta Stretch\"},\"image\":{\"@id\":\"https:\/\/www.atlantastretch.com\/it\/#\/schema\/logo\/image\/\"},\"sameAs\":[\"https:\/\/www.facebook.com\/atlantastretchspa\",\"https:\/\/www.instagram.com\/atlantastretch_official\/\",\"https:\/\/www.linkedin.com\/company\/atlanta-stretch-spa\/\",\"https:\/\/www.youtube.com\/channel\/UCqNtlDqg_fw0AIH20Kfj04Q\"]},{\"@type\":\"Person\",\"@id\":\"https:\/\/www.atlantastretch.com\/it\/#\/schema\/person\/31323ae219022c40226d1f434ff04184\",\"name\":\"Costanza Cecchi\",\"image\":{\"@type\":\"ImageObject\",\"inLanguage\":\"it-IT\",\"@id\":\"https:\/\/www.atlantastretch.com\/it\/#\/schema\/person\/image\/\",\"url\":\"https:\/\/secure.gravatar.com\/avatar\/f27f0b05fde63bf3b6a2bacbd89557044285657f2ca5818fadc9d6087690d6d1?s=96&d=mm&r=g\",\"contentUrl\":\"https:\/\/secure.gravatar.com\/avatar\/f27f0b05fde63bf3b6a2bacbd89557044285657f2ca5818fadc9d6087690d6d1?s=96&d=mm&r=g\",\"caption\":\"Costanza Cecchi\"},\"sameAs\":[\"https:\/\/www.atlantastretch.com\"]}]}<\/script>\n<!-- \/ Yoast SEO plugin. -->","yoast_head_json":{"title":"Atlanta Stretch takes part in Ipack-Ima 2025 - Atlanta Stretch","description":"Eventi - Atlanta Stretch takes part in Ipack-Ima 2025 - Atlanta Stretch","robots":{"index":"index","follow":"follow","max-snippet":"max-snippet:-1","max-image-preview":"max-image-preview:large","max-video-preview":"max-video-preview:-1"},"canonical":"https:\/\/www.atlantastretch.com\/it\/atlanta-stretch-takes-part-in-ipack-ima-2025\/","og_locale":"it_IT","og_type":"article","og_title":"Atlanta Stretch takes part in Ipack-Ima 2025 - Atlanta Stretch","og_description":"Eventi - Atlanta Stretch takes part in Ipack-Ima 2025 - Atlanta Stretch","og_site_name":"Atlanta Stretch","article_publisher":"https:\/\/www.facebook.com\/atlantastretchspa","article_published_time":"2025-02-11T12:48:32+00:00","article_modified_time":"2025-02-12T15:10:30+00:00","og_image":[{"width":1080,"height":1080,"url":"https:\/\/www.atlantastretch.com\/wp-content\/uploads\/2025\/02\/SQUARE_EVENTS_WEBSITE.jpg","type":"image\/jpeg"}],"author":"Costanza Cecchi","twitter_card":"summary_large_image","schema":{"@context":"https:\/\/schema.org","@graph":[{"@type":"Article","@id":"https:\/\/www.atlantastretch.com\/it\/atlanta-stretch-takes-part-in-ipack-ima-2025\/#article","isPartOf":{"@id":"https:\/\/www.atlantastretch.com\/it\/atlanta-stretch-takes-part-in-ipack-ima-2025\/"},"author":{"name":"Costanza Cecchi","@id":"https:\/\/www.atlantastretch.com\/it\/#\/schema\/person\/31323ae219022c40226d1f434ff04184"},"headline":"Atlanta Stretch takes part in Ipack-Ima 2025","datePublished":"2025-02-11T12:48:32+00:00","dateModified":"2025-02-12T15:10:30+00:00","mainEntityOfPage":{"@id":"https:\/\/www.atlantastretch.com\/it\/atlanta-stretch-takes-part-in-ipack-ima-2025\/"},"wordCount":220,"publisher":{"@id":"https:\/\/www.atlantastretch.com\/it\/#organization"},"image":{"@id":"https:\/\/www.atlantastretch.com\/it\/atlanta-stretch-takes-part-in-ipack-ima-2025\/#primaryimage"},"thumbnailUrl":"https:\/\/www.atlantastretch.com\/wp-content\/uploads\/2025\/02\/SQUARE_EVENTS_WEBSITE.jpg","articleSection":["Eventi"],"inLanguage":"it-IT"},{"@type":"WebPage","@id":"https:\/\/www.atlantastretch.com\/it\/atlanta-stretch-takes-part-in-ipack-ima-2025\/","url":"https:\/\/www.atlantastretch.com\/it\/atlanta-stretch-takes-part-in-ipack-ima-2025\/","name":"Atlanta Stretch takes part in Ipack-Ima 2025 - Atlanta Stretch","isPartOf":{"@id":"https:\/\/www.atlantastretch.com\/it\/#website"},"primaryImageOfPage":{"@id":"https:\/\/www.atlantastretch.com\/it\/atlanta-stretch-takes-part-in-ipack-ima-2025\/#primaryimage"},"image":{"@id":"https:\/\/www.atlantastretch.com\/it\/atlanta-stretch-takes-part-in-ipack-ima-2025\/#primaryimage"},"thumbnailUrl":"https:\/\/www.atlantastretch.com\/wp-content\/uploads\/2025\/02\/SQUARE_EVENTS_WEBSITE.jpg","datePublished":"2025-02-11T12:48:32+00:00","dateModified":"2025-02-12T15:10:30+00:00","description":"Eventi - Atlanta Stretch takes part in Ipack-Ima 2025 - Atlanta Stretch","breadcrumb":{"@id":"https:\/\/www.atlantastretch.com\/it\/atlanta-stretch-takes-part-in-ipack-ima-2025\/#breadcrumb"},"inLanguage":"it-IT","potentialAction":[{"@type":"ReadAction","target":["https:\/\/www.atlantastretch.com\/it\/atlanta-stretch-takes-part-in-ipack-ima-2025\/"]}]},{"@type":"ImageObject","inLanguage":"it-IT","@id":"https:\/\/www.atlantastretch.com\/it\/atlanta-stretch-takes-part-in-ipack-ima-2025\/#primaryimage","url":"https:\/\/www.atlantastretch.com\/wp-content\/uploads\/2025\/02\/SQUARE_EVENTS_WEBSITE.jpg","contentUrl":"https:\/\/www.atlantastretch.com\/wp-content\/uploads\/2025\/02\/SQUARE_EVENTS_WEBSITE.jpg","width":1080,"height":1080},{"@type":"BreadcrumbList","@id":"https:\/\/www.atlantastretch.com\/it\/atlanta-stretch-takes-part-in-ipack-ima-2025\/#breadcrumb","itemListElement":[{"@type":"ListItem","position":1,"name":"Home","item":"https:\/\/www.atlantastretch.com\/it\/"},{"@type":"ListItem","position":2,"name":"Atlanta Stretch takes part in Ipack-Ima 2025"}]},{"@type":"WebSite","@id":"https:\/\/www.atlantastretch.com\/it\/#website","url":"https:\/\/www.atlantastretch.com\/it\/","name":"Atlanta Stretch","description":"Macchine per imballaggio pallet con film","publisher":{"@id":"https:\/\/www.atlantastretch.com\/it\/#organization"},"alternateName":"Atlanta Stretch soluzioni per il finelinea","potentialAction":[{"@type":"SearchAction","target":{"@type":"EntryPoint","urlTemplate":"https:\/\/www.atlantastretch.com\/it\/?s={search_term_string}"},"query-input":"required name=search_term_string"}],"inLanguage":"it-IT"},{"@type":"Organization","@id":"https:\/\/www.atlantastretch.com\/it\/#organization","name":"Atlanta Stretch","alternateName":"Atlanta Stretch soluzioni per il finelinea","url":"https:\/\/www.atlantastretch.com\/it\/","logo":{"@type":"ImageObject","inLanguage":"it-IT","@id":"https:\/\/www.atlantastretch.com\/it\/#\/schema\/logo\/image\/","url":"https:\/\/www.atlantastretch.com\/wp-content\/uploads\/2024\/01\/cropped-logotipo-rosso.png","contentUrl":"https:\/\/www.atlantastretch.com\/wp-content\/uploads\/2024\/01\/cropped-logotipo-rosso.png","width":512,"height":512,"caption":"Atlanta Stretch"},"image":{"@id":"https:\/\/www.atlantastretch.com\/it\/#\/schema\/logo\/image\/"},"sameAs":["https:\/\/www.facebook.com\/atlantastretchspa","https:\/\/www.instagram.com\/atlantastretch_official\/","https:\/\/www.linkedin.com\/company\/atlanta-stretch-spa\/","https:\/\/www.youtube.com\/channel\/UCqNtlDqg_fw0AIH20Kfj04Q"]},{"@type":"Person","@id":"https:\/\/www.atlantastretch.com\/it\/#\/schema\/person\/31323ae219022c40226d1f434ff04184","name":"Costanza Cecchi","image":{"@type":"ImageObject","inLanguage":"it-IT","@id":"https:\/\/www.atlantastretch.com\/it\/#\/schema\/person\/image\/","url":"https:\/\/secure.gravatar.com\/avatar\/f27f0b05fde63bf3b6a2bacbd89557044285657f2ca5818fadc9d6087690d6d1?s=96&d=mm&r=g","contentUrl":"https:\/\/secure.gravatar.com\/avatar\/f27f0b05fde63bf3b6a2bacbd89557044285657f2ca5818fadc9d6087690d6d1?s=96&d=mm&r=g","caption":"Costanza Cecchi"},"sameAs":["https:\/\/www.atlantastretch.com"]}]}},"_links":{"self":[{"href":"https:\/\/www.atlantastretch.com\/it\/wp-json\/wp\/v2\/posts\/18732","targetHints":{"allow":["GET"]}}],"collection":[{"href":"https:\/\/www.atlantastretch.com\/it\/wp-json\/wp\/v2\/posts"}],"about":[{"href":"https:\/\/www.atlantastretch.com\/it\/wp-json\/wp\/v2\/types\/post"}],"author":[{"embeddable":true,"href":"https:\/\/www.atlantastretch.com\/it\/wp-json\/wp\/v2\/users\/879"}],"replies":[{"embeddable":true,"href":"https:\/\/www.atlantastretch.com\/it\/wp-json\/wp\/v2\/comments?post=18732"}],"version-history":[{"count":4,"href":"https:\/\/www.atlantastretch.com\/it\/wp-json\/wp\/v2\/posts\/18732\/revisions"}],"predecessor-version":[{"id":18743,"href":"https:\/\/www.atlantastretch.com\/it\/wp-json\/wp\/v2\/posts\/18732\/revisions\/18743"}],"wp:featuredmedia":[{"embeddable":true,"href":"https:\/\/www.atlantastretch.com\/it\/wp-json\/wp\/v2\/media\/18727"}],"wp:attachment":[{"href":"https:\/\/www.atlantastretch.com\/it\/wp-json\/wp\/v2\/media?parent=18732"}],"wp:term":[{"taxonomy":"category","embeddable":true,"href":"https:\/\/www.atlantastretch.com\/it\/wp-json\/wp\/v2\/categories?post=18732"},{"taxonomy":"post_tag","embeddable":true,"href":"https:\/\/www.atlantastretch.com\/it\/wp-json\/wp\/v2\/tags?post=18732"}],"curies":[{"name":"wp","href":"https:\/\/api.w.org\/{rel}","templated":true}]}}